{"id":70,"date":"2009-08-05T12:21:23","date_gmt":"2009-08-05T12:21:23","guid":{"rendered":"https:\/\/www.news.veerst.info\/?p=70"},"modified":"2009-08-05T12:21:23","modified_gmt":"2009-08-05T12:21:23","slug":"nyt-om-veerst-filmen","status":"publish","type":"post","link":"https:\/\/www.news.veerst.info\/?p=70","title":{"rendered":"Nyt om Veerst-filmen"},"content":{"rendered":"<p>S\u00f8ndag den 28. juni 2009 var en del af byens borgere samlet, fordi der denne dag skulle optages en film om Veerst. Filmens manuskript skulle vi selv lave f\u00e6rdigt og det blev flot styret af Jens Smed Rasmussen. Bylauget havde udt\u00e6nkt et l\u00f8st manuskript omhandlende nogle udenbys autonome som skulle kigge p\u00e5 byen for at finde en egnet plads til et nyt ungdomshus. Konsulent p\u00e5 manuskriptet var Jan Ryom, som sammen med ankermanden p\u00e5 manuskriptet Brit Jacobsen fra Bylauget havde skabt den grundliggende fort\u00e6lling. Filmen skulle optages, instrueres og redigeres af journalist Jeppe S\u00f8e.<\/p>\n<h2>De autonome fra ungdomshuset m\u00e5tte erstattes af en lokal skuespiller &#8211; og en stor del improvisation<br \/><\/h2>\n<p>Vi kom rigtig godt igang med filmarbejdet \u00a0i det fantastiske vejr. Da de indbudte &#8220;rigtige&#8221; autonome udeblev, blev en af byens dygtige dilettant-skuespillere, Sanne Dollerup, udn\u00e6vnt til at spille den autonome K\u00f8ffenhavner, som skulle vises rundt i byen af Gunner Knudsen samt undertegnede.<\/p>\n<p><img decoding=\"async\" loading=\"lazy\" class=\"jcetooltip size-full wp-image-69\" title=\"Manuskripet f\u00e6rdigg\u00f8res undervejs on location::Her improviserer og taler &quot;den autonome&quot; Sanne Dollerup sammen med produceren Jeppe S\u00f8e og instrukt\u00f8ren Helene Fils\u00f8\" alt=\"Den lokale skuespiller sammen med Jeppe S\u00f8e og den lokale instrukt\u00f8r\" src=\"https:\/\/www.news.veerst.info\/wp-content\/uploads\/2009\/08\/OnLocation_Veerst2.jpg\" width=\"640\" height=\"427\" width=\"640\" height=\"427\" srcset=\"https:\/\/www.news.veerst.info\/wp-content\/uploads\/2009\/08\/OnLocation_Veerst2.jpg 640w, https:\/\/www.news.veerst.info\/wp-content\/uploads\/2009\/08\/OnLocation_Veerst2-300x200.jpg 300w\" sizes=\"(max-width: 640px) 100vw, 640px\" \/><\/p>\n<p>Aller f\u00f8rst blev der filmet et fiktivt bylaugsm\u00f8de hvor en del af byens borgere deltog som akt\u00f8rer.<\/p>\n<h2>&#8220;Det bliver en rigtig sjov og varm film&#8221;<br \/><\/h2>\n<p>Der blev denne dag filmet i seks timer for at ende med en film p\u00e5 tre minutter. Jeg har netop talt med Jeppe S\u00f8e som udtaler at det g\u00e5r rigtig fint med redigeringen af filmen og at det er en af de sjoveste opgaver han har haft. <em>&#8220;Det bliver en rigtig sjov og varm film&#8221;<\/em> siger Jeppe S\u00f8e. Han beder mig samtidig takke de medvirkende for modtagelsen og den store indsats der blev ydet.<\/p>\n<p>Planen er at filmen skal godkendes af\u00a0 LAG den 20. august 2009 og Jeppe S\u00f8e regner med at vi alle har mulighed for at se filmen p\u00e5 Vejen Kommunes hjemmeside og selvf\u00f8lgelig her p\u00e5 vores egen Veerst.dk ca. den 1. september 2009.<\/p>\n<p>Filmen bliver ligeledes sendt, p\u00e5 DVD, til omegnens ejendomsm\u00e6glere.<\/p>\n<p>Se flere billeder fra iv\u00e6rks\u00e6ttelsen af manuskriptet. Ved stranden m\u00f8dte Jeppe S\u00f8e f.eks. nogle badeg\u00e6ster, som var cyklet til stranden i Veerst (Sk\u00e6rs\u00f8), for at bade. Se billederne nedenfor!<\/p>\n<p>\u00a0<\/p>\n<p> {gallery}Filmdagen_2009{\/gallery}<\/p>\n","protected":false},"excerpt":{"rendered":"<p>S\u00f8ndag den 28. juni 2009 var en del af byens borgere samlet, fordi der denne dag skulle optages en film om Veerst. Filmens manuskript skulle vi selv lave f\u00e6rdigt og det blev flot styret af Jens Smed Rasmussen. Bylauget havde&hellip;<\/p>\n<p class=\"more-link-p\"><a class=\"more-link\" href=\"https:\/\/www.news.veerst.info\/?p=70\">Read more &rarr;<\/a><\/p>\n","protected":false},"author":1,"featured_media":69,"comment_status":"open","ping_status":"open","sticky":false,"template":"","format":"standard","meta":[],"categories":[18],"tags":[],"_links":{"self":[{"href":"https:\/\/www.news.veerst.info\/index.php?rest_route=\/wp\/v2\/posts\/70"}],"collection":[{"href":"https:\/\/www.news.veerst.info\/index.php?rest_route=\/wp\/v2\/posts"}],"about":[{"href":"https:\/\/www.news.veerst.info\/index.php?rest_route=\/wp\/v2\/types\/post"}],"author":[{"embeddable":true,"href":"https:\/\/www.news.veerst.info\/index.php?rest_route=\/wp\/v2\/users\/1"}],"replies":[{"embeddable":true,"href":"https:\/\/www.news.veerst.info\/index.php?rest_route=%2Fwp%2Fv2%2Fcomments&post=70"}],"version-history":[{"count":0,"href":"https:\/\/www.news.veerst.info\/index.php?rest_route=\/wp\/v2\/posts\/70\/revisions"}],"wp:featuredmedia":[{"embeddable":true,"href":"https:\/\/www.news.veerst.info\/index.php?rest_route=\/wp\/v2\/media\/69"}],"wp:attachment":[{"href":"https:\/\/www.news.veerst.info\/index.php?rest_route=%2Fwp%2Fv2%2Fmedia&parent=70"}],"wp:term":[{"taxonomy":"category","embeddable":true,"href":"https:\/\/www.news.veerst.info\/index.php?rest_route=%2Fwp%2Fv2%2Fcategories&post=70"},{"taxonomy":"post_tag","embeddable":true,"href":"https:\/\/www.news.veerst.info\/index.php?rest_route=%2Fwp%2Fv2%2Ftags&post=70"}],"curies":[{"name":"wp","href":"https:\/\/api.w.org\/{rel}","templated":true}]}}