{"id":73,"date":"2009-08-09T14:34:32","date_gmt":"2009-08-09T14:34:32","guid":{"rendered":"https:\/\/www.news.veerst.info\/?p=73"},"modified":"2009-08-09T14:34:32","modified_gmt":"2009-08-09T14:34:32","slug":"hostfesten-aendres-i-ar-til-noget-nyt","status":"publish","type":"post","link":"https:\/\/www.news.veerst.info\/?p=73","title":{"rendered":"H\u00f8stfesten \u00e6ndres i \u00e5r til noget nyt!"},"content":{"rendered":"<p><img decoding=\"async\" loading=\"lazy\" class=\" size-full wp-image-71\" src=\"https:\/\/www.news.veerst.info\/wp-content\/uploads\/2009\/08\/g-hoestmarked.gif\" alt=\"g-hoestmarked\" width=\"481\" height=\"140\" width=\"481\" height=\"140\" \/><\/p>\n<p>Som noget nyt i \u00e5r, har Veerst bylaug valgt at satse p\u00e5 noget andet end den almindelige \u00e5rlige h\u00f8stfest. I \u00e5r bliver det et h\u00f8st marked, som afholdes d.5 september kl.13.00.<\/p>\n<p>Der vil v\u00e6re mulighed for at s\u00e6lge alt mellem himmel og jord ved at k\u00f8be en bod til 30,- B\u00f8rnene kan selvf\u00f8lgelig s\u00e6lges deres leget\u00f8j gratis.<\/p>\n<p>Der vil i l\u00f8bet af dagen v\u00e6re underholdning for b\u00f8rnene, linedance, lotteri, fad\u00f8l,\u00a0kage konkurrence og meget mere.<\/p>\n<p>Kl.18.00 vil den helstegte pattegris v\u00e6re klar til at blive spist. Pris for helstegt pattegris med tilbeh\u00f8r er 125,- for voksne, b\u00f8rn fra 3-12 \u00e5r 50,- pr. pers. og b\u00f8rn under 3 \u00e5r spiser gratis. Tilmelding og betaling er n\u00f8dvendig, senest d. 31\/8-09, til Dorthe Vestergaard p\u00e5 telefon 65 32 25 56<\/p>\n<p>Der vil under spisningen v\u00e6re auktion, hvor penge vil g\u00e5 til at holde liv i forsamlingshuset.<\/p>\n<p>Se mere i <a class=\"jce_file\" title=\"programmet her p\u00e5 veerst.dk\" href=\"https:\/\/www.news.veerst.info\/wp-content\/uploads\/2009\/08\/Publikation1.pdf\">programmet her p\u00e5 veerst.dk<\/a><\/p>\n<p>Bylauget h\u00e5ber p\u00e5 stor opbakning til dette arrangement, for god ordens skyld g\u00f8res opm\u00e6rksom p\u00e5 at tidligere annonceret h\u00f8stfest d.26\/9 \u00e6ndres til overnst\u00e5ende<\/p>\n<p>Venlig hilsen<\/p>\n<p>Veerst Bylaug<\/p>\n<p>\u00a0<\/p>\n","protected":false},"excerpt":{"rendered":"<p>Som noget nyt i \u00e5r, har Veerst bylaug valgt at satse p\u00e5 noget andet end den almindelige \u00e5rlige h\u00f8stfest. I \u00e5r bliver det et h\u00f8st marked, som afholdes d.5 september kl.13.00. Der vil v\u00e6re mulighed for at s\u00e6lge alt mellem&hellip;<\/p>\n<p class=\"more-link-p\"><a class=\"more-link\" href=\"https:\/\/www.news.veerst.info\/?p=73\">Read more &rarr;<\/a><\/p>\n","protected":false},"author":1,"featured_media":71,"comment_status":"open","ping_status":"open","sticky":false,"template":"","format":"standard","meta":[],"categories":[25],"tags":[],"_links":{"self":[{"href":"https:\/\/www.news.veerst.info\/index.php?rest_route=\/wp\/v2\/posts\/73"}],"collection":[{"href":"https:\/\/www.news.veerst.info\/index.php?rest_route=\/wp\/v2\/posts"}],"about":[{"href":"https:\/\/www.news.veerst.info\/index.php?rest_route=\/wp\/v2\/types\/post"}],"author":[{"embeddable":true,"href":"https:\/\/www.news.veerst.info\/index.php?rest_route=\/wp\/v2\/users\/1"}],"replies":[{"embeddable":true,"href":"https:\/\/www.news.veerst.info\/index.php?rest_route=%2Fwp%2Fv2%2Fcomments&post=73"}],"version-history":[{"count":0,"href":"https:\/\/www.news.veerst.info\/index.php?rest_route=\/wp\/v2\/posts\/73\/revisions"}],"wp:featuredmedia":[{"embeddable":true,"href":"https:\/\/www.news.veerst.info\/index.php?rest_route=\/wp\/v2\/media\/71"}],"wp:attachment":[{"href":"https:\/\/www.news.veerst.info\/index.php?rest_route=%2Fwp%2Fv2%2Fmedia&parent=73"}],"wp:term":[{"taxonomy":"category","embeddable":true,"href":"https:\/\/www.news.veerst.info\/index.php?rest_route=%2Fwp%2Fv2%2Fcategories&post=73"},{"taxonomy":"post_tag","embeddable":true,"href":"https:\/\/www.news.veerst.info\/index.php?rest_route=%2Fwp%2Fv2%2Ftags&post=73"}],"curies":[{"name":"wp","href":"https:\/\/api.w.org\/{rel}","templated":true}]}}