{"id":88,"date":"2009-09-23T12:38:49","date_gmt":"2009-09-23T12:38:49","guid":{"rendered":"https:\/\/www.news.veerst.info\/?p=88"},"modified":"2009-09-23T12:38:49","modified_gmt":"2009-09-23T12:38:49","slug":"veerst-uden-vand","status":"publish","type":"post","link":"https:\/\/www.news.veerst.info\/?p=88","title":{"rendered":"Veerst uden vand"},"content":{"rendered":"<p><span style=\"font-size: 18pt;\">Der er lukket for vandet i Veerst.<\/span><\/p>\n<p>I forbindelse med den f\u00f8rste anvendelse af den nye brandhane, blev det desv\u00e6rre konstateret at vandet ikke lige kom ud der, hvor det var planlagt, nemlig igennem brandhanen, men ud af en ut\u00e6thed i en samling.<\/p>\n<p>I dag, onsdag den 23. september 2009, er fejlen ved at blive udbedret. Hvorfor Veerst har v\u00e6ret uden vand i hvert fald siden 12:30. I skrivende stund (kl 14:35) er h\u00e5ndv\u00e6rkerne ved at skaffe dele, i form af en pakning, til udbedring af fejlen. Det forventes derfor at der kommer vand igen inden l\u00e6nge.<\/p>\n<p>\/rob<\/p>\n","protected":false},"excerpt":{"rendered":"<p>Der er lukket for vandet i Veerst. I forbindelse med den f\u00f8rste anvendelse af den nye brandhane, blev det desv\u00e6rre konstateret at vandet ikke lige kom ud der, hvor det var planlagt, nemlig igennem brandhanen, men ud af en ut\u00e6thed&hellip;<\/p>\n<p class=\"more-link-p\"><a class=\"more-link\" href=\"https:\/\/www.news.veerst.info\/?p=88\">Read more &rarr;<\/a><\/p>\n","protected":false},"author":1,"featured_media":0,"comment_status":"open","ping_status":"open","sticky":false,"template":"","format":"standard","meta":[],"categories":[19],"tags":[],"_links":{"self":[{"href":"https:\/\/www.news.veerst.info\/index.php?rest_route=\/wp\/v2\/posts\/88"}],"collection":[{"href":"https:\/\/www.news.veerst.info\/index.php?rest_route=\/wp\/v2\/posts"}],"about":[{"href":"https:\/\/www.news.veerst.info\/index.php?rest_route=\/wp\/v2\/types\/post"}],"author":[{"embeddable":true,"href":"https:\/\/www.news.veerst.info\/index.php?rest_route=\/wp\/v2\/users\/1"}],"replies":[{"embeddable":true,"href":"https:\/\/www.news.veerst.info\/index.php?rest_route=%2Fwp%2Fv2%2Fcomments&post=88"}],"version-history":[{"count":0,"href":"https:\/\/www.news.veerst.info\/index.php?rest_route=\/wp\/v2\/posts\/88\/revisions"}],"wp:attachment":[{"href":"https:\/\/www.news.veerst.info\/index.php?rest_route=%2Fwp%2Fv2%2Fmedia&parent=88"}],"wp:term":[{"taxonomy":"category","embeddable":true,"href":"https:\/\/www.news.veerst.info\/index.php?rest_route=%2Fwp%2Fv2%2Fcategories&post=88"},{"taxonomy":"post_tag","embeddable":true,"href":"https:\/\/www.news.veerst.info\/index.php?rest_route=%2Fwp%2Fv2%2Ftags&post=88"}],"curies":[{"name":"wp","href":"https:\/\/api.w.org\/{rel}","templated":true}]}}