{"id":97,"date":"2009-09-28T07:18:31","date_gmt":"2009-09-28T07:18:31","guid":{"rendered":"https:\/\/www.news.veerst.info\/?p=97"},"modified":"2009-09-28T07:18:31","modified_gmt":"2009-09-28T07:18:31","slug":"veerst-filmen-i-rodding-bio","status":"publish","type":"post","link":"https:\/\/www.news.veerst.info\/?p=97","title":{"rendered":"Veerst-filmen i R\u00f8dding Bio"},"content":{"rendered":"<p>Fredag den 15. september var bl.a. Vejen byr\u00e5d og andre interesserede inviteret til pr\u00e6sentationen af de nye landsby-film. \u00a0Arrangementet foregik i R\u00f8dding Bio.<\/p>\n<p>Efter en kort velkomst af Thorkil Matzen, LAG-Vejen fik Jens Chr. Andersen, F\u00e6llesr\u00e5d for landsbysamfund, ordet hvorefter borgmester Egon Fr\u00e6hr afsluttede taler\u00e6kken.<\/p>\n<p>Alle talere roste landsbyboerne for deres ih\u00e6rdighed i de sm\u00e5 bysamfund&#8230;. ja vi blev ligefrem kaldt for ildsj\u00e6le.<\/p>\n<p>Journalist Jeppe S\u00f8e overtog herefter talerstolen for at gennemg\u00e5 de enkelte film. Han havde valgt at lave et sammenklip af de fleste film og kun vise to film i deres fulde l\u00e6ngde.<\/p>\n<p>Stolte var vi, da Veerst-filmen var den ene af de to film der skulle vises i fuld l\u00e6ngde.<\/p>\n<p>Vi havde talt om at hvis muligheden b\u00f8d sig, ville vi lave en happening, hvor Tanja (Sanne Dollerup), skulle afbryde foredraget og p\u00e5 forn\u00e6rmet vis fort\u00e6lle Jeppe S\u00f8e, hvad hun mener om ham og filmen. Det lykkedes glimrende og der gik en rum tid f\u00f8r publikum fandt ud af at det hele var iscenesat. P\u00e5 den m\u00e5de fik vi atter, p\u00e5 en utraditionel m\u00e5de, sl\u00e5et p\u00e5 stortromme for Veerst.<\/p>\n<p> <object data=\"http:\/\/www.youtube.com\/v\/fdrAbEym_ME\" type=\"application\/x-shockwave-flash\" height=\"350\" width=\"425\"><param name=\"src\" value=\"http:\/\/www.youtube.com\/v\/fdrAbEym_ME\" \/><param name=\"wmode\" value=\"opaque\" \/><\/object> <\/p>\n<p>Nedenfor ses en scene fra videoen:<\/p>\n<p><a class=\"jcepopup\" target=\"_blank\" title=\"\" href=\"https:\/\/www.news.veerst.info\/wp-content\/uploads\/2009\/09\/Tanja_haandgemaeng_producer_stor.jpg\" data-rel=\"lightbox-image-0\" data-rl_title=\"\" data-rl_caption=\"\"><img decoding=\"async\" loading=\"lazy\" class=\" size-full wp-image-96\" alt=\"Tanja_haandgemaeng_producer_stor\" src=\"https:\/\/www.news.veerst.info\/wp-content\/uploads\/2009\/09\/thumb_Tanja_haandgemaeng_producer_stor.jpg\" width=\"240\" height=\"175\" width=\"240\" height=\"175\" \/><\/a><\/p>\n","protected":false},"excerpt":{"rendered":"<p>Fredag den 15. september var bl.a. Vejen byr\u00e5d og andre interesserede inviteret til pr\u00e6sentationen af de nye landsby-film. \u00a0Arrangementet foregik i R\u00f8dding Bio. Efter en kort velkomst af Thorkil Matzen, LAG-Vejen fik Jens Chr. Andersen, F\u00e6llesr\u00e5d for landsbysamfund, ordet hvorefter&hellip;<\/p>\n<p class=\"more-link-p\"><a class=\"more-link\" href=\"https:\/\/www.news.veerst.info\/?p=97\">Read more &rarr;<\/a><\/p>\n","protected":false},"author":1,"featured_media":95,"comment_status":"open","ping_status":"open","sticky":false,"template":"","format":"standard","meta":[],"categories":[19],"tags":[],"_links":{"self":[{"href":"https:\/\/www.news.veerst.info\/index.php?rest_route=\/wp\/v2\/posts\/97"}],"collection":[{"href":"https:\/\/www.news.veerst.info\/index.php?rest_route=\/wp\/v2\/posts"}],"about":[{"href":"https:\/\/www.news.veerst.info\/index.php?rest_route=\/wp\/v2\/types\/post"}],"author":[{"embeddable":true,"href":"https:\/\/www.news.veerst.info\/index.php?rest_route=\/wp\/v2\/users\/1"}],"replies":[{"embeddable":true,"href":"https:\/\/www.news.veerst.info\/index.php?rest_route=%2Fwp%2Fv2%2Fcomments&post=97"}],"version-history":[{"count":0,"href":"https:\/\/www.news.veerst.info\/index.php?rest_route=\/wp\/v2\/posts\/97\/revisions"}],"wp:featuredmedia":[{"embeddable":true,"href":"https:\/\/www.news.veerst.info\/index.php?rest_route=\/wp\/v2\/media\/95"}],"wp:attachment":[{"href":"https:\/\/www.news.veerst.info\/index.php?rest_route=%2Fwp%2Fv2%2Fmedia&parent=97"}],"wp:term":[{"taxonomy":"category","embeddable":true,"href":"https:\/\/www.news.veerst.info\/index.php?rest_route=%2Fwp%2Fv2%2Fcategories&post=97"},{"taxonomy":"post_tag","embeddable":true,"href":"https:\/\/www.news.veerst.info\/index.php?rest_route=%2Fwp%2Fv2%2Ftags&post=97"}],"curies":[{"name":"wp","href":"https:\/\/api.w.org\/{rel}","templated":true}]}}